{"id":579,"date":"2009-10-01T14:33:00","date_gmt":"2009-10-01T12:33:00","guid":{"rendered":"https:\/\/ini.hu-berlin.de\/hiskom\/wordpress\/?p=579"},"modified":"2023-01-27T12:50:40","modified_gmt":"2023-01-27T11:50:40","slug":"berliner-universitaeten-im-systemkonflikt-im-wise-2009-2010","status":"publish","type":"post","link":"https:\/\/ini.hu-berlin.de\/hiskom\/2009\/10\/berliner-universitaeten-im-systemkonflikt-im-wise-2009-2010\/","title":{"rendered":"&#8222;Berliner Universit\u00e4ten im Systemkonflikt&#8220; im WiSe 2009\/2010"},"content":{"rendered":"\n<p>Als nunmehr offizielles Projekttutorium der HU geht &#8222;<strong>Berliner Universit\u00e4ten im Systemkonflikt &#8211; Mythen und mediale Darstellungen<\/strong>&#8220; in die n\u00e4chste Runde. <\/p>\n\n\n\n<p class=\"has-nv-light-bg-background-color has-background has-small-font-size\">Mittwoch von 16-18 Uhr (1. Sitzung: 21.10.2009)<br>Raum 3.005 in DOR 24 <br>Kontakt: <a href=\"mailto:ptunikonflikt@web.de\">ptunikonflikt[AT]web.de<\/a><\/p>\n\n\n\n<p>Nach FU60 steht nun das Jubil\u00e4um HU200 bevor. W\u00e4hrend die FU allzeit ihren \u201efreiheitlichen\u201c Gr\u00fcndungsmythos propagiert, kann die HU mit \u201eAlexander, Wilhelm und ich\u201c aufwarten. Wenn es aber um Fragen der \u201ecorporate identity\u201c geht, ist die eine bereits 100 Jahre alt, w\u00e4hrend die andere gerade einmal 20 Jahre Aufbauarbeit hinter sich hat. Gefeiert wird trotzdem, hier wie da eine Geschichte, die, aufpoliert und von Widerspr\u00fcchen befreit, wohlige Identit\u00e4ts- und Elitegef\u00fchle schafft. Gefeiert wird \u2013 und wir mischen ordentlich mit\u2026 und gerne auch auf!<br><br>Nachdem wir, Studierende der HU und FU, im vergangenen Sommersemester das Verh\u00e4ltnis von FU und HU untersucht und dabei sowohl die \u00f6ffentliche Geschichtspolitik der beiden Universit\u00e4ten als auch die stete R\u00fcckbindung an die jeweiligen Gr\u00fcndungsmythen untersucht haben, gehen wir nun langsam die Praxis an. Die bereits erarbeiteten Inhalte und die hoffentlich vielen neuen Ans\u00e4tze, Perspektiven und Ideen des WiSes k\u00f6nnen wir im n\u00e4chsten Jahr innerhalb der Ausstellung der Historischen Kommission des StudentInnenparlaments der HU einbringen.<br><br>Zun\u00e4chst wollen wir einige inhaltliche Sitzungen zur medialen Darstellbarkeit von Geschichte, Geschichtsdidaktik, Ausstellungskonzeption und \u00fcber die Arbeit in f\u00fcr unser Thema einschl\u00e4gigen Archiven abhalten. Danach sind Arbeitsgruppen angedacht, welche jeweils unterschiedliche Themenschwerpunkte zu den Systemkonflikten der Berliner Universit\u00e4ten be- bzw. herausarbeiten und diese f\u00fcr einen hierzu eingerichteten Bereich der Ausstellung aufbereiten. Es k\u00f6nnen kurze Ausstellungstexte entworfen, Bild- und Dokumentenrecherche betrieben, Exponattexte verfasst und die Ausstellung bis zur Fahnenkorrektur begleitet werden. Neben der Gestaltung von Ausstellungstafeln und der Zuarbeit zu einem Ausstellungskatalog k\u00f6nnen mit Perspektive auf das Sommersemester 2010 bereits weiterf\u00fchrende Konzepte zur Umsetzung der erarbeiteten Inhalte entwickelt werden.<br><br>Mittwoch von 16-18 Uhr<br>Raum 3.005 in DOR 24 <br><br>Kontakt: <a href=\"mailto:ptunikonflikt@web.de\">ptunikonflikt[AT]web.de<\/a><\/p>\n\n\n\n<ul class=\"wp-block-list\">\n<li><a href=\"https:\/\/ini.hu-berlin.de\/hiskom\/2009\/03\/projekttutorium-berliner-universitaeten-im-systemkonflikt\/\" data-type=\"post\">Infos zum ersten Teil (SoSe 2009)<\/a><\/li>\n\n\n\n<li><a href=\"https:\/\/ini.hu-berlin.de\/hiskom\/2009\/10\/emanzipation-durch-recht-im-wise-2009-2010\/\" data-type=\"post\">Projekttutorium \u201eEmanzipation durch Recht?\u201c im WiSe 2009\/2010<\/a><\/li>\n<\/ul>\n","protected":false},"excerpt":{"rendered":"<p>Als nunmehr offizielles Projekttutorium der HU geht &#8222;Berliner Universit\u00e4ten im Systemkonflikt &#8211; Mythen und mediale Darstellungen&#8220; in die n\u00e4chste Runde. Mittwoch von 16-18 Uhr (1. Sitzung: 21.10.2009)Raum 3.005 in DOR 24 Kontakt: ptunikonflikt[AT]web.de Nach FU60 steht nun das Jubil\u00e4um HU200 bevor. W\u00e4hrend die FU allzeit ihren \u201efreiheitlichen\u201c Gr\u00fcndungsmythos propagiert, kann die HU mit \u201eAlexander, Wilhelm&hellip;&nbsp;<a href=\"https:\/\/ini.hu-berlin.de\/hiskom\/2009\/10\/berliner-universitaeten-im-systemkonflikt-im-wise-2009-2010\/\" rel=\"bookmark\">Weiterlesen &raquo;<span class=\"screen-reader-text\">&#8222;Berliner Universit\u00e4ten im Systemkonflikt&#8220; im WiSe 2009\/2010<\/span><\/a><\/p>\n","protected":false},"author":1,"featured_media":0,"comment_status":"closed","ping_status":"closed","sticky":false,"template":"","format":"standard","meta":{"neve_meta_sidebar":"","neve_meta_container":"","neve_meta_enable_content_width":"","neve_meta_content_width":0,"neve_meta_title_alignment":"","neve_meta_author_avatar":"","neve_post_elements_order":"","neve_meta_disable_header":"","neve_meta_disable_footer":"","neve_meta_disable_title":"","footnotes":""},"categories":[1],"tags":[],"class_list":["post-579","post","type-post","status-publish","format-standard","hentry","category-allgemein"],"_links":{"self":[{"href":"https:\/\/ini.hu-berlin.de\/hiskom\/wp-json\/wp\/v2\/posts\/579","targetHints":{"allow":["GET"]}}],"collection":[{"href":"https:\/\/ini.hu-berlin.de\/hiskom\/wp-json\/wp\/v2\/posts"}],"about":[{"href":"https:\/\/ini.hu-berlin.de\/hiskom\/wp-json\/wp\/v2\/types\/post"}],"author":[{"embeddable":true,"href":"https:\/\/ini.hu-berlin.de\/hiskom\/wp-json\/wp\/v2\/users\/1"}],"replies":[{"embeddable":true,"href":"https:\/\/ini.hu-berlin.de\/hiskom\/wp-json\/wp\/v2\/comments?post=579"}],"version-history":[{"count":4,"href":"https:\/\/ini.hu-berlin.de\/hiskom\/wp-json\/wp\/v2\/posts\/579\/revisions"}],"predecessor-version":[{"id":807,"href":"https:\/\/ini.hu-berlin.de\/hiskom\/wp-json\/wp\/v2\/posts\/579\/revisions\/807"}],"wp:attachment":[{"href":"https:\/\/ini.hu-berlin.de\/hiskom\/wp-json\/wp\/v2\/media?parent=579"}],"wp:term":[{"taxonomy":"category","embeddable":true,"href":"https:\/\/ini.hu-berlin.de\/hiskom\/wp-json\/wp\/v2\/categories?post=579"},{"taxonomy":"post_tag","embeddable":true,"href":"https:\/\/ini.hu-berlin.de\/hiskom\/wp-json\/wp\/v2\/tags?post=579"}],"curies":[{"name":"wp","href":"https:\/\/api.w.org\/{rel}","templated":true}]}}