{"id":428,"date":"2017-03-03T21:08:00","date_gmt":"2017-03-03T20:08:00","guid":{"rendered":"https:\/\/ini.hu-berlin.de\/hiskom\/wordpress\/?p=428"},"modified":"2023-01-27T12:31:53","modified_gmt":"2023-01-27T11:31:53","slug":"buchvorstellung-und-lesung-saul-ascher-berliner-aufklaerer","status":"publish","type":"post","link":"https:\/\/ini.hu-berlin.de\/hiskom\/2017\/03\/buchvorstellung-und-lesung-saul-ascher-berliner-aufklaerer\/","title":{"rendered":"Buchvorstellung und Lesung: &#8222;Saul Ascher. Berliner Aufkl\u00e4rer&#8220;"},"content":{"rendered":"\n<p>Im Rahmen der Veranstaltung <a href=\"https:\/\/ini.hu-berlin.de\/hiskom\/2017\/03\/lesezeichen-10-mai-2017\/\" data-type=\"post\"><strong>Lesezeichen 10. Mai 2017: Fragmente einer Aufarbeitung<\/strong><\/a><\/p>\n\n\n\n<p>Montag, 8. Mai 2017 | 18:30 bis 20:00 Uhr <br>Senatssaal der Humboldt-Universit\u00e4t zu Berlin, Unter den Linden 6, 10117 Berlin<\/p>\n\n\n\n<p><\/p>\n\n\n\n<div class=\"wp-block-media-text alignfull has-media-on-the-right is-stacked-on-mobile is-vertically-aligned-center has-nv-light-bg-background-color has-background\" style=\"grid-template-columns:auto 18%\"><div class=\"wp-block-media-text__content\">\n<p>Verbunden mit dem Workshop \u201eAscher gegen Luther. Ein Workshop \u00fcber die J\u00fcdische Aufkl\u00e4rung, Luther und den deutschen Fr\u00fchnationalismus\u201c, der am 8. Mai 2017 an der Universit\u00e4t Potsdam stattfindet, wird um 18:30 Uhr im Senatssaal der Humboldt-Universit\u00e4t zu Berlin das bedeutendste neuere Buch zu Saul Ascher, eine Monographie von William Hiscott (1974-2013) unter musikalischer Begleitung vorgestellt:<\/p>\n\n\n\n<p class=\"has-normal-font-size\"><strong>William Hiscott: Saul Ascher. Berliner Aufkl\u00e4rer. Eine philosophiehistorische Studie,<\/strong><br><strong>hrsg. von Christoph Schulte und Marie Ch. Behrendt, Hannover: Wehrhahn Verlag 2017, 797 S.<\/strong><\/p>\n<\/div><figure class=\"wp-block-media-text__media\"><a href=\"https:\/\/www.wehrhahn-verlag.de\/public\/index.php?ID_Section=2&amp;ID_Category=136&amp;ID_Product=1161\" target=\"_blank\" rel=\"noopener\"><img loading=\"lazy\" decoding=\"async\" width=\"335\" height=\"500\" src=\"https:\/\/ini.hu-berlin.de\/hiskom\/wordpress\/wp-content\/uploads\/2021\/03\/saul-ascher-2017.jpg\" alt=\"\" class=\"wp-image-431 size-full\" srcset=\"https:\/\/ini.hu-berlin.de\/hiskom\/wp-content\/uploads\/2021\/03\/saul-ascher-2017.jpg 335w, https:\/\/ini.hu-berlin.de\/hiskom\/wp-content\/uploads\/2021\/03\/saul-ascher-2017-201x300.jpg 201w\" sizes=\"auto, (max-width: 335px) 100vw, 335px\" \/><\/a><\/figure><\/div>\n\n\n\n<div style=\"height:23px\" aria-hidden=\"true\" class=\"wp-block-spacer\"><\/div>\n\n\n\n<h6 class=\"wp-block-heading\">Es spielen<\/h6>\n\n\n\n<ul class=\"wp-block-list\">\n<li>Fabian Dieterich &#8211; Violine<\/li>\n\n\n\n<li>Friedemann Uschner &#8211; Viola<\/li>\n\n\n\n<li>Simon Steffgen &#8211; Cello<\/li>\n<\/ul>\n\n\n\n<h6 class=\"wp-block-heading\">St\u00fccke<\/h6>\n\n\n\n<ul class=\"wp-block-list\">\n<li>Goldberg Variationen BWV 988 (Erstdruck 1741) in der Bearbeitung f\u00fcr Streichtrio von Dmitry Sitkovetsky (1985) &#8211; Auszug<\/li>\n\n\n\n<li>Gideon Klein &#8211; Streichtrio&nbsp; (Theresienstadt 1944)<\/li>\n<\/ul>\n\n\n\n<hr class=\"wp-block-separator has-css-opacity\"\/>\n\n\n\n<div style=\"height:23px\" aria-hidden=\"true\" class=\"wp-block-spacer\"><\/div>\n\n\n\n<h6 class=\"wp-block-heading\"><strong>Weitere Informationen<\/strong> <\/h6>\n\n\n\n<p><a href=\"https:\/\/www.uni-potsdam.de\/js-rw\/juedische-studien\/tagungen\/2017-ascher-gegen-luther.html\">https:\/\/www.uni-potsdam.de\/js-rw\/juedische-studien\/tagungen\/2017-ascher-gegen-luther.html<\/a><\/p>\n\n\n\n<h6 class=\"wp-block-heading\"><strong>Kontakt <\/strong><\/h6>\n\n\n\n<p>Christoph Schulte <br><a href=\"mailto:schulte@uni-potsdam.de%20\">schulte@uni-potsdam.de<\/a> <\/p>\n","protected":false},"excerpt":{"rendered":"<p>Im Rahmen der Veranstaltung Lesezeichen 10. Mai 2017: Fragmente einer Aufarbeitung Montag, 8. Mai 2017 | 18:30 bis 20:00 Uhr Senatssaal der Humboldt-Universit\u00e4t zu Berlin, Unter den Linden 6, 10117 Berlin Verbunden mit dem Workshop \u201eAscher gegen Luther. Ein Workshop \u00fcber die J\u00fcdische Aufkl\u00e4rung, Luther und den deutschen Fr\u00fchnationalismus\u201c, der am 8. Mai 2017 an&hellip;&nbsp;<a href=\"https:\/\/ini.hu-berlin.de\/hiskom\/2017\/03\/buchvorstellung-und-lesung-saul-ascher-berliner-aufklaerer\/\" rel=\"bookmark\">Weiterlesen &raquo;<span class=\"screen-reader-text\">Buchvorstellung und Lesung: &#8222;Saul Ascher. Berliner Aufkl\u00e4rer&#8220;<\/span><\/a><\/p>\n","protected":false},"author":1,"featured_media":431,"comment_status":"closed","ping_status":"closed","sticky":false,"template":"","format":"standard","meta":{"neve_meta_sidebar":"","neve_meta_container":"","neve_meta_enable_content_width":"","neve_meta_content_width":0,"neve_meta_title_alignment":"","neve_meta_author_avatar":"","neve_post_elements_order":"","neve_meta_disable_header":"","neve_meta_disable_footer":"","neve_meta_disable_title":"","footnotes":""},"categories":[1],"tags":[],"class_list":["post-428","post","type-post","status-publish","format-standard","has-post-thumbnail","hentry","category-allgemein"],"_links":{"self":[{"href":"https:\/\/ini.hu-berlin.de\/hiskom\/wp-json\/wp\/v2\/posts\/428","targetHints":{"allow":["GET"]}}],"collection":[{"href":"https:\/\/ini.hu-berlin.de\/hiskom\/wp-json\/wp\/v2\/posts"}],"about":[{"href":"https:\/\/ini.hu-berlin.de\/hiskom\/wp-json\/wp\/v2\/types\/post"}],"author":[{"embeddable":true,"href":"https:\/\/ini.hu-berlin.de\/hiskom\/wp-json\/wp\/v2\/users\/1"}],"replies":[{"embeddable":true,"href":"https:\/\/ini.hu-berlin.de\/hiskom\/wp-json\/wp\/v2\/comments?post=428"}],"version-history":[{"count":13,"href":"https:\/\/ini.hu-berlin.de\/hiskom\/wp-json\/wp\/v2\/posts\/428\/revisions"}],"predecessor-version":[{"id":777,"href":"https:\/\/ini.hu-berlin.de\/hiskom\/wp-json\/wp\/v2\/posts\/428\/revisions\/777"}],"wp:featuredmedia":[{"embeddable":true,"href":"https:\/\/ini.hu-berlin.de\/hiskom\/wp-json\/wp\/v2\/media\/431"}],"wp:attachment":[{"href":"https:\/\/ini.hu-berlin.de\/hiskom\/wp-json\/wp\/v2\/media?parent=428"}],"wp:term":[{"taxonomy":"category","embeddable":true,"href":"https:\/\/ini.hu-berlin.de\/hiskom\/wp-json\/wp\/v2\/categories?post=428"},{"taxonomy":"post_tag","embeddable":true,"href":"https:\/\/ini.hu-berlin.de\/hiskom\/wp-json\/wp\/v2\/tags?post=428"}],"curies":[{"name":"wp","href":"https:\/\/api.w.org\/{rel}","templated":true}]}}