{"id":241,"date":"2010-05-16T21:20:00","date_gmt":"2010-05-16T19:20:00","guid":{"rendered":"https:\/\/ini.hu-berlin.de\/hiskom\/wordpress\/?p=241"},"modified":"2023-01-27T12:40:44","modified_gmt":"2023-01-27T11:40:44","slug":"das-ist-doch-kein-wetter-sommerfest-des-asta-fu-des-referentinnenrats-der-hu-und-der-hiskom","status":"publish","type":"post","link":"https:\/\/ini.hu-berlin.de\/hiskom\/2010\/05\/das-ist-doch-kein-wetter-sommerfest-des-asta-fu-des-referentinnenrats-der-hu-und-der-hiskom\/","title":{"rendered":"\u201eDas ist doch kein Wetter!\u201c &#8211; Sommerfest des AStA FU, des ReferentInnenRats der HU und der HisKom"},"content":{"rendered":"\n<div class=\"wp-block-columns is-layout-flex wp-container-core-columns-is-layout-9d6595d7 wp-block-columns-is-layout-flex\">\n<div class=\"wp-block-column is-layout-flow wp-block-column-is-layout-flow\">\n<figure class=\"wp-block-image size-large\"><a href=\"https:\/\/ini.hu-berlin.de\/hiskom\/wordpress\/wp-content\/uploads\/2010\/05\/sommerfest-2010_flyer.jpg\"><img loading=\"lazy\" decoding=\"async\" width=\"1024\" height=\"724\" src=\"https:\/\/ini.hu-berlin.de\/hiskom\/wordpress\/wp-content\/uploads\/2010\/05\/sommerfest-2010_flyer-1024x724.jpg\" alt=\"\" class=\"wp-image-615\" srcset=\"https:\/\/ini.hu-berlin.de\/hiskom\/wp-content\/uploads\/2010\/05\/sommerfest-2010_flyer-1024x724.jpg 1024w, https:\/\/ini.hu-berlin.de\/hiskom\/wp-content\/uploads\/2010\/05\/sommerfest-2010_flyer-300x212.jpg 300w, https:\/\/ini.hu-berlin.de\/hiskom\/wp-content\/uploads\/2010\/05\/sommerfest-2010_flyer-768x543.jpg 768w, https:\/\/ini.hu-berlin.de\/hiskom\/wp-content\/uploads\/2010\/05\/sommerfest-2010_flyer-1536x1086.jpg 1536w, https:\/\/ini.hu-berlin.de\/hiskom\/wp-content\/uploads\/2010\/05\/sommerfest-2010_flyer-2048x1448.jpg 2048w\" sizes=\"auto, (max-width: 1024px) 100vw, 1024px\" \/><\/a><\/figure>\n<\/div>\n\n\n\n<div class=\"wp-block-column is-layout-flow wp-block-column-is-layout-flow\">\n<p>Am 15. Juli 2010 findet das Sommerfest des AStA FU statt &#8211; dieses Mal in Kooperation mit dem ReferentInnenRat der HU und der Historischen Kommission des StuPa HU und den f\u00fcr die FU&#8217;ler_innen ungewohnten HU-Campus in Mitte.<\/p>\n\n\n\n<p>Neben dem gro\u00dfen Arbeiter_innenlieder-Contest der Historischen Kommission erwarten euch verschiedenen DJ_anes (Elektro, Indy, Punk, Ska, Sommermucke), Kicker und Tischtennisplatte, Kuchen, Zines sowie jede Menge Infos. Au\u00dferdem gibt es nat\u00fcrlich genug Raum, um einfach nur mit einem Cocktail in der Hand die Sonne zu genie\u00dfen.<\/p>\n\n\n\n<p>Also kommt vorbei! <\/p>\n\n\n\n<p>Der Zugang zur Veranstaltung ist barrierefrei.<br>Eintritt frei.<\/p>\n<\/div>\n<\/div>\n\n\n\n<hr class=\"wp-block-separator has-css-opacity is-style-wide\"\/>\n\n\n\n<div class=\"wp-block-columns is-layout-flex wp-container-core-columns-is-layout-9d6595d7 wp-block-columns-is-layout-flex\">\n<div class=\"wp-block-column is-layout-flow wp-block-column-is-layout-flow\" style=\"flex-basis:66.66%\">\n<h3 class=\"wp-block-heading\"><strong>Programm<\/strong><\/h3>\n\n\n\n<p>ab 15:00 Uhr <br>DJ_anes, Kicker, Tischtennis, Federball, Chillout im SBZ Kr\u00e4henfu\u00df \u2026<\/p>\n\n\n\n<p>16:00 Uhr <br>F\u00fchrung durch die Ausstellung <a href=\"https:\/\/ini.hu-berlin.de\/hiskom\/stud-berlin\/\" data-type=\"page\" data-id=\"45\">\u201estud.Berlin > 200 Jahre Studieren in Berlin\u201c<\/a> <\/p>\n\n\n\n<p>17:00 Uhr <br>Fernelly Ego (experimantal Folk) im Hegelbau<\/p>\n\n\n\n<p>18:00 Uhr <br>F\u00fchrung durch die studentische Ausstellung \u201estud.Berlin &gt; 200 Jahre Studieren in Berlin\u201c<\/p>\n\n\n\n<p>19:30 Uhr <br>Arbeiter_innenlieder-Contest der HisKom im Hegelbau<\/p>\n\n\n\n<p>ab 22:00 Uhr <br>Trash-Kino auf dem Hegelplatz<\/p>\n<\/div>\n\n\n\n<div class=\"wp-block-column is-layout-flow wp-block-column-is-layout-flow\" style=\"flex-basis:33.33%\">\n<p><\/p>\n\n\n\n<p><strong>im und vor dem Seminargeb\u00e4ude am Hegelplatz (Dorotheenstr. 24)<br>S\/U Friedrichstra\u00dfe<\/strong><\/p>\n\n\n\n<figure class=\"wp-block-image size-large\"><img loading=\"lazy\" decoding=\"async\" width=\"1008\" height=\"856\" src=\"https:\/\/ini.hu-berlin.de\/hiskom\/wordpress\/wp-content\/uploads\/2021\/02\/lageplan_hegelbau.jpg\" alt=\"\" class=\"wp-image-108\" srcset=\"https:\/\/ini.hu-berlin.de\/hiskom\/wp-content\/uploads\/2021\/02\/lageplan_hegelbau.jpg 1008w, https:\/\/ini.hu-berlin.de\/hiskom\/wp-content\/uploads\/2021\/02\/lageplan_hegelbau-300x255.jpg 300w, https:\/\/ini.hu-berlin.de\/hiskom\/wp-content\/uploads\/2021\/02\/lageplan_hegelbau-768x652.jpg 768w\" sizes=\"auto, (max-width: 1008px) 100vw, 1008px\" \/><\/figure>\n<\/div>\n<\/div>\n","protected":false},"excerpt":{"rendered":"<p>Am 15. Juli 2010 findet das Sommerfest des AStA FU statt &#8211; dieses Mal in Kooperation mit dem ReferentInnenRat der HU und der Historischen Kommission des StuPa HU und den f\u00fcr die FU&#8217;ler_innen ungewohnten HU-Campus in Mitte. Neben dem gro\u00dfen Arbeiter_innenlieder-Contest der Historischen Kommission erwarten euch verschiedenen DJ_anes (Elektro, Indy, Punk, Ska, Sommermucke), Kicker und&hellip;&nbsp;<a href=\"https:\/\/ini.hu-berlin.de\/hiskom\/2010\/05\/das-ist-doch-kein-wetter-sommerfest-des-asta-fu-des-referentinnenrats-der-hu-und-der-hiskom\/\" rel=\"bookmark\">Weiterlesen &raquo;<span class=\"screen-reader-text\">\u201eDas ist doch kein Wetter!\u201c &#8211; Sommerfest des AStA FU, des ReferentInnenRats der HU und der HisKom<\/span><\/a><\/p>\n","protected":false},"author":1,"featured_media":615,"comment_status":"closed","ping_status":"closed","sticky":false,"template":"","format":"standard","meta":{"neve_meta_sidebar":"","neve_meta_container":"","neve_meta_enable_content_width":"","neve_meta_content_width":0,"neve_meta_title_alignment":"","neve_meta_author_avatar":"","neve_post_elements_order":"","neve_meta_disable_header":"","neve_meta_disable_footer":"","neve_meta_disable_title":"","footnotes":""},"categories":[1],"tags":[],"class_list":["post-241","post","type-post","status-publish","format-standard","has-post-thumbnail","hentry","category-allgemein"],"_links":{"self":[{"href":"https:\/\/ini.hu-berlin.de\/hiskom\/wp-json\/wp\/v2\/posts\/241","targetHints":{"allow":["GET"]}}],"collection":[{"href":"https:\/\/ini.hu-berlin.de\/hiskom\/wp-json\/wp\/v2\/posts"}],"about":[{"href":"https:\/\/ini.hu-berlin.de\/hiskom\/wp-json\/wp\/v2\/types\/post"}],"author":[{"embeddable":true,"href":"https:\/\/ini.hu-berlin.de\/hiskom\/wp-json\/wp\/v2\/users\/1"}],"replies":[{"embeddable":true,"href":"https:\/\/ini.hu-berlin.de\/hiskom\/wp-json\/wp\/v2\/comments?post=241"}],"version-history":[{"count":21,"href":"https:\/\/ini.hu-berlin.de\/hiskom\/wp-json\/wp\/v2\/posts\/241\/revisions"}],"predecessor-version":[{"id":790,"href":"https:\/\/ini.hu-berlin.de\/hiskom\/wp-json\/wp\/v2\/posts\/241\/revisions\/790"}],"wp:featuredmedia":[{"embeddable":true,"href":"https:\/\/ini.hu-berlin.de\/hiskom\/wp-json\/wp\/v2\/media\/615"}],"wp:attachment":[{"href":"https:\/\/ini.hu-berlin.de\/hiskom\/wp-json\/wp\/v2\/media?parent=241"}],"wp:term":[{"taxonomy":"category","embeddable":true,"href":"https:\/\/ini.hu-berlin.de\/hiskom\/wp-json\/wp\/v2\/categories?post=241"},{"taxonomy":"post_tag","embeddable":true,"href":"https:\/\/ini.hu-berlin.de\/hiskom\/wp-json\/wp\/v2\/tags?post=241"}],"curies":[{"name":"wp","href":"https:\/\/api.w.org\/{rel}","templated":true}]}}