{"id":1401,"date":"2026-04-30T18:04:17","date_gmt":"2026-04-30T16:04:17","guid":{"rendered":"https:\/\/ini.hu-berlin.de\/hiskom\/?p=1401"},"modified":"2026-05-01T17:38:45","modified_gmt":"2026-05-01T15:38:45","slug":"lesezeichen-10-mai-2026-projekt-bebelplatz","status":"publish","type":"post","link":"https:\/\/ini.hu-berlin.de\/hiskom\/2026\/04\/lesezeichen-10-mai-2026-projekt-bebelplatz\/","title":{"rendered":"Lesezeichen 10. Mai 2026: Projekt Bebelplatz &#8211; 3 Termine, 3 Formate im Mai und Juni"},"content":{"rendered":"\n<p>Save the dates: 10. Mai, 12. Mai und 27. Juni 2026<\/p>\n\n\n\n<hr class=\"wp-block-separator has-alpha-channel-opacity\"\/>\n\n\n\n<p>Mit <strong>Projekt Bebelplatz<\/strong> sind unsere diesj\u00e4hrigen &#8222;Lesezeichen 10. Mai&#8220;-Aktivit\u00e4ten \u00fcberschrieben: Den Auftakt bildete am 20. M\u00e4rz 2026 ein <a href=\"https:\/\/ini.hu-berlin.de\/hiskom\/2026\/03\/heute-ist-der-20-maerz\/\" data-type=\"post\" data-id=\"1347\" target=\"_blank\" rel=\"noreferrer noopener\">Beitrag auf unserer Webseite<\/a>, im Mai und Juni folgen drei weitere Formate &#8211; jeweils in Pr\u00e4senz am besagten Ort.<\/p>\n\n\n\n<p><\/p>\n\n\n\n<details class=\"wp-block-details is-layout-flow wp-block-details-is-layout-flow\"><summary><strong>Zum &#8222;Projekt Bebelplatz&#8220;<\/strong><\/summary>\n<p>Der heutige Bebelplatz ist als Ort der wohl \u00f6ffentlichkeitswirksamsten B\u00fccherverbrennung in Deutschland 1933 bekannt; hier hat nach 1945 mehr oder minder \u00f6ffentliches (und mehr oder minder wirksames) Gedenken stattgefunden. Aber wer kennt die Entstehungsgeschichte des <em>Denkmals zur Erinnerung an die B\u00fccherverbrennung<\/em>, wer die Hintergr\u00fcnde zur Auf-, Ab- und Umh\u00e4ngung der Gedenktafel mit dem Peter-Edel-Zitat? Und ist eigentlich allgemein bekannt, dass der Bebelplatz auch die Fl\u00e4che hinter der Staatsoper umfasst? Und so m\u00f6chten wir zu Austausch, Aktion und Kollaboration einladen mit der Frage: Welches Wissen, welche Erinnerungen und Perspektiven \u00fcber\/auf\/unter dem Bebelplatz fehlen uns (noch) und wie sollte\/k\u00f6nnte das Gedenken an die B\u00fccherverbrennung in Berlin \u00f6ffentlich wahrnehmbar (oder sogar wirksam) werden?<\/p>\n<\/details>\n\n\n\n<div style=\"height:33px\" aria-hidden=\"true\" class=\"wp-block-spacer\"><\/div>\n\n\n\n<hr class=\"wp-block-separator has-alpha-channel-opacity\"\/>\n\n\n\n<h2 class=\"wp-block-heading\"><strong>Platz&nbsp;<\/strong><strong>nehmen (1)<\/strong>&nbsp; &nbsp; &nbsp; &nbsp; &nbsp; &nbsp; &nbsp; &nbsp; &nbsp; &nbsp; &nbsp; &nbsp; &nbsp; &nbsp; &nbsp; &nbsp; &nbsp; &nbsp;&nbsp;<\/h2>\n\n\n\n<p><em>Sonntag, 10. Mai 2026 | 16:00<\/em> <br><em>Gedenktafel neben dem Haupteingang der Juristischen Fakult\u00e4t, Bebelplatz 2<\/em><\/p>\n\n\n\n<p>Parallel zu den verschiedenen Aktionen, die an diesem Tag auf dem Bebelplatz stattfinden (u. a. <a href=\"https:\/\/eltern-gegen-rechts-berlin.de\/naechster-halt-sonntag-fuer-demokratischen-zusammenhalt-und-eine-lebenswerte-zukunft-fuer-alle\/\" target=\"_blank\" rel=\"noreferrer noopener\">\u201eN\u00e4chster Halt: Sonntag!\u201c<\/a>) nehmen wir vor der &#8222;Peter-Edel-Tafel&#8220; Platz und laden herzlich dazu ein, ebenfalls Platz zu nehmen. Zum Zuschauen und Zuh\u00f6ren, zum Denken und Gedenken, zum Kennenlernen, Diskutieren und Vernetzen. Im Sinne von Heinz Knobloch, auf dessen Initiative diese Gedanktafel zur\u00fcckgeht, er aber noch 1976 feststellte: &#8222;Es gibt keine mahnende Gedenktafel. Also m\u00fcssen wir von selber daran denken, es weitersagen, es anderen Menschen zeigen und nicht verge\u00dflich sein&#8220;.&nbsp;&nbsp;<\/p>\n\n\n\n<hr class=\"wp-block-separator has-alpha-channel-opacity\"\/>\n\n\n\n<h2 class=\"wp-block-heading\"><strong>Treppenreden &amp; Caf\u00e9<\/strong><strong>gesp<\/strong><strong>r<\/strong><strong>\u00e4che<\/strong><\/h2>\n\n\n\n<p><em>Dienstag, 12. Mai | 18.00 bis 21:00<\/em> <br><em>Foyer der Juristischen Fakult\u00e4t, Bebelplatz 2<\/em><\/p>\n\n\n\n<p>Heute vor 50 Jahren, am 12. Mai 1976, hielt Heinz Knobloch im damaligen Operncaf\u00e9, quasi gegen\u00fcber der Kommode, eine Ansprache vor Bibliothekar:innen. Sie gab den Ansto\u00df f\u00fcr eine <em>Mahntafel<\/em>, die an die B\u00fccherverbrennung auf dem Bebelplatz erinnert und seit 1980 an Geb\u00e4uden der Humboldt-Universit\u00e4t h\u00e4ngt. Damit ist Heinz Knobloch Initiator dieses ersten baulichen Gedenkens und spielte auch beim zweiten, dem <em>Denkmal zur Erinnerung an die B\u00fccherverbrennung<\/em>, eine Rolle. Zu dessen Einweihung, am 20. M\u00e4rz 1995, hielt Knobloch eine relevante Rede, nahm Bezug auf jene von 1976 und stand dabei hier im Foyer der Juristischen Fakult\u00e4t auf einem Treppenabsatz (<a href=\"https:\/\/ini.hu-berlin.de\/hiskom\/2026\/03\/heute-ist-der-20-maerz\/\" data-type=\"post\" data-id=\"1347\">vgl. Beitrag auf unserer Webseite inkl. Fotos<\/a>).&nbsp;<\/p>\n\n\n\n<p>Beide Reden sind leider weithin unbekannt, was wir in diesem Jahr (<a href=\"https:\/\/heinz-knobloch.de\/hundertjahrfeier\/\" target=\"_blank\" rel=\"noreferrer noopener\">zur Hundertjahrfeier von Heinz Knobloch<\/a>) \u00e4ndern wollen &#8211; wie gewohnt im Rahmen einer wissenschaftlich-k\u00fcnstlerischen Soir\u00e9e und u. a. mit verschiedenen (Re-)Inszenierungen und Performances von Treppenrede und Caf\u00e9ansprache, weiteren Beitr\u00e4gen und\u00a0nat\u00fcrlich Gelegenheit zum spontanen Mitmachen und zum Austauschen.<\/p>\n\n\n\n<p>F\u00fcr gespr\u00e4chsanregende Getr\u00e4nke &amp; Kaffeehaus-Style sorgt das Caf\u00e9 Lorch &amp; S\u00f6hne im Foyer, das f\u00fcr uns den Abend \u00fcber \u00f6ffnet.<\/p>\n\n\n\n<hr class=\"wp-block-separator has-alpha-channel-opacity\"\/>\n\n\n\n<h2 class=\"wp-block-heading\"><strong>Platz nehmen (2): Workshops &amp; Foyermusike<\/strong><\/h2>\n\n\n\n<p><em>Samstag, 27. Juni 2026 | vsl. von 14:00 bis 18:00 Uhr (achtet auf Updates)<\/em> <br><em>vor und in der Juristischen Fakult\u00e4t, Bebelplatz 2<\/em><\/p>\n\n\n\n<p>Parallel und korrespondierend zum <a href=\"https:\/\/berliner-buecherfest.de\/\" data-type=\"link\" data-id=\"https:\/\/berliner-buecherfest.de\/\" target=\"_blank\" rel=\"noreferrer noopener\">Berliner B\u00fccherfest<\/a> nehmen wir erneut auf\/am Bebelplatz Platz und laden gleichsam herzlich zum Platz nehmen ein.<\/p>\n\n\n\n<p><strong>Workshops zum &#8222;Projekt Bebelplatz&#8220;<\/strong>: a) World-Caf\u00e9, bei dem sich Projekte und Initiativen pr\u00e4sentieren, austauschen und vernetzen, b) Konzeption, Kollaboration und Konjunktive f\u00fcr ein k\u00fcnftiges Gedenken an die B\u00fccherverbrennung, c) offenes Brainstorming<\/p>\n\n\n\n<p>ab vls. 17:00: <strong>Foyermusike<\/strong> mit dem \u201eInternationalen Wettbewerb\u201c<\/p>\n\n\n\n<hr class=\"wp-block-separator has-alpha-channel-opacity\"\/>\n\n\n\n<h3 class=\"wp-block-heading\"><strong>Links &amp; Literatur<\/strong><\/h3>\n\n\n\n<ul class=\"wp-block-list\">\n<li><a href=\"https:\/\/ini.hu-berlin.de\/hiskom\/lesezeichen-10-mai\/\">Projektseite &#8222;Lesezeichen 10. Mai&#8220;<\/a><\/li>\n\n\n\n<li>Veranstaltungen zu Heinz Knobloch und seinem 100. Geburstag: <a href=\"https:\/\/heinz-knobloch.de\/hundertjahrfeier\/\">https:\/\/heinz-knobloch.de\/hundertjahrfeier\/<\/a>, u. a. Vitrinenausstellung &#8222;Im Fokus \u2013 Heinz Knobloch&#8220; ab 13. Mai 2026 im <a href=\"https:\/\/stabi-kulturwerk.de\/\" data-type=\"link\" data-id=\"https:\/\/stabi-kulturwerk.de\/\" target=\"_blank\" rel=\"noreferrer noopener\">Kulturwerk der Staatsbibliothek Unter den Linden<\/a> <\/li>\n\n\n\n<li>Helmut Mehnert (o.D.): Mahntafel zur B\u00fccherverbrennung, <a href=\"https:\/\/heinz-knobloch.de\/wirkung-nachlass\/mahntafel-zur-buecherverbrennung\/\" target=\"_blank\" rel=\"noreferrer noopener\">https:\/\/heinz-knobloch.de\/wirkung-nachlass\/mahntafel-zur-buecherverbrennung\/<\/a><\/li>\n\n\n\n<li>Operncaf\u00e9-Rede 1976 = Heinz Knobloch (1976): \u201eBibliothekare f\u00fchren ein bewegtes Leben\u201c. Ansprache zur Auszeichnung verdienter Bibliothekare am 12. Mai 1976. In: <em>Der Bibliothekar. Zeitschrift f\u00fcr das Bibliothekswesen<\/em> 30 (7), S. 433-436 (<a href=\"https:\/\/ini.hu-berlin.de\/cloud\/index.php\/s\/CTHG8y2naTHEFC3\" target=\"_blank\" rel=\"noreferrer noopener\">PDF zum Download<\/a>)<\/li>\n\n\n\n<li>Treppenrede 1995 = Heinz Knobloch (1996): <em>Mi\u00dftraut den Gr\u00fcnanlagen! Extrabl\u00e4tter<\/em>. Berlin: Transit, S.&nbsp;130-132 (<a href=\"https:\/\/ini.hu-berlin.de\/cloud\/index.php\/s\/E87JTbL7c2SpxjB\" target=\"_blank\" rel=\"noreferrer noopener\">PDF zum Download<\/a>)<\/li>\n<\/ul>\n\n\n\n<p><\/p>\n","protected":false},"excerpt":{"rendered":"<p>Save the dates: 10. Mai, 12. Mai und 27. Juni 2026 Mit Projekt Bebelplatz sind unsere diesj\u00e4hrigen &#8222;Lesezeichen 10. Mai&#8220;-Aktivit\u00e4ten \u00fcberschrieben: Den Auftakt bildete am 20. M\u00e4rz 2026 ein Beitrag auf unserer Webseite, im Mai und Juni folgen drei weitere Formate &#8211; jeweils in Pr\u00e4senz am besagten Ort. Platz&nbsp;nehmen (1)&nbsp; &nbsp; &nbsp; &nbsp; &nbsp; &nbsp;&hellip;&nbsp;<a href=\"https:\/\/ini.hu-berlin.de\/hiskom\/2026\/04\/lesezeichen-10-mai-2026-projekt-bebelplatz\/\" rel=\"bookmark\">Weiterlesen &raquo;<span class=\"screen-reader-text\">Lesezeichen 10. Mai 2026: Projekt Bebelplatz &#8211; 3 Termine, 3 Formate im Mai und Juni<\/span><\/a><\/p>\n","protected":false},"author":1,"featured_media":1422,"comment_status":"closed","ping_status":"closed","sticky":false,"template":"","format":"standard","meta":{"neve_meta_sidebar":"","neve_meta_container":"","neve_meta_enable_content_width":"","neve_meta_content_width":0,"neve_meta_title_alignment":"","neve_meta_author_avatar":"","neve_post_elements_order":"","neve_meta_disable_header":"","neve_meta_disable_footer":"","neve_meta_disable_title":"","footnotes":""},"categories":[1],"tags":[],"class_list":["post-1401","post","type-post","status-publish","format-standard","has-post-thumbnail","hentry","category-allgemein"],"_links":{"self":[{"href":"https:\/\/ini.hu-berlin.de\/hiskom\/wp-json\/wp\/v2\/posts\/1401","targetHints":{"allow":["GET"]}}],"collection":[{"href":"https:\/\/ini.hu-berlin.de\/hiskom\/wp-json\/wp\/v2\/posts"}],"about":[{"href":"https:\/\/ini.hu-berlin.de\/hiskom\/wp-json\/wp\/v2\/types\/post"}],"author":[{"embeddable":true,"href":"https:\/\/ini.hu-berlin.de\/hiskom\/wp-json\/wp\/v2\/users\/1"}],"replies":[{"embeddable":true,"href":"https:\/\/ini.hu-berlin.de\/hiskom\/wp-json\/wp\/v2\/comments?post=1401"}],"version-history":[{"count":23,"href":"https:\/\/ini.hu-berlin.de\/hiskom\/wp-json\/wp\/v2\/posts\/1401\/revisions"}],"predecessor-version":[{"id":1447,"href":"https:\/\/ini.hu-berlin.de\/hiskom\/wp-json\/wp\/v2\/posts\/1401\/revisions\/1447"}],"wp:featuredmedia":[{"embeddable":true,"href":"https:\/\/ini.hu-berlin.de\/hiskom\/wp-json\/wp\/v2\/media\/1422"}],"wp:attachment":[{"href":"https:\/\/ini.hu-berlin.de\/hiskom\/wp-json\/wp\/v2\/media?parent=1401"}],"wp:term":[{"taxonomy":"category","embeddable":true,"href":"https:\/\/ini.hu-berlin.de\/hiskom\/wp-json\/wp\/v2\/categories?post=1401"},{"taxonomy":"post_tag","embeddable":true,"href":"https:\/\/ini.hu-berlin.de\/hiskom\/wp-json\/wp\/v2\/tags?post=1401"}],"curies":[{"name":"wp","href":"https:\/\/api.w.org\/{rel}","templated":true}]}}